{"id":176,"date":"2014-09-26T10:07:50","date_gmt":"2014-09-26T10:07:50","guid":{"rendered":"http:\/\/svj.podperova6.cz\/?p=176"},"modified":"2014-09-26T10:07:50","modified_gmt":"2014-09-26T10:07:50","slug":"mimoradny-fo-vytahy-3-splatka","status":"publish","type":"post","link":"http:\/\/www.podperova6.cz\/?p=176","title":{"rendered":"Mimo\u0159\u00e1dn\u00fd FO v\u00fdtahy &#8211; 3. spl\u00e1tka"},"content":{"rendered":"<div>\n<div>\n<div><span style=\"font-family: Arial;font-size: small\">V\u00e1\u017een\u00ed vlastn\u00edci,<\/span><\/div>\n<div><span style=\"font-family: Arial;font-size: small\">na\u00a0Shrom\u00e1\u017ed\u011bn\u00ed vlastn\u00edk\u016f bylo vlastn\u00edky odsouhlaseno financov\u00e1n\u00ed opravy\/modernizace v\u00fdtah\u016f do konce roku 2014 a to:<\/span><\/div>\n<ul>\n<li><span style=\"font-family: Arial;font-size: small\">z fondu oprav v\u00fdtah\u016f <\/span><\/li>\n<li><span style=\"font-family: Arial;font-size: small\">a\u00a0t\u0159emi\u00a0mimo\u0159\u00e1dn\u00fdmi spl\u00e1tkami v\u017edy ke konci kalend\u00e1\u0159n\u00edho roku.<\/span><\/li>\n<\/ul>\n<div><span style=\"font-family: Arial;font-size: small\"><strong>P\u0159ipravili jsme pro V\u00e1s slo\u017eenky na 3. &#8211; posledn\u00ed mimo\u0159\u00e1dnou spl\u00e1tku, kter\u00e9\u00a0jsou k vyzvednut\u00ed na vr\u00e1tnici domu Podp\u011brova 6. <\/strong><\/span><\/div>\n<div><span style=\"font-family: Arial;font-size: small\"><strong>Splatnost\u00a0je do 31.12.2014.<\/strong><\/span><\/div>\n<div>\u00a0<\/div>\n<div><span style=\"font-family: Arial;font-size: small\">spr\u00e1vce: BYT BRNO spol. s r.o.<\/span><\/div>\n<\/div>\n<\/div>\n<p><!-- SPAMfighter Signature --><\/p>\n","protected":false},"excerpt":{"rendered":"<p>V\u00e1\u017een\u00ed vlastn\u00edci, na\u00a0Shrom\u00e1\u017ed\u011bn\u00ed vlastn\u00edk\u016f bylo vlastn\u00edky odsouhlaseno financov\u00e1n\u00ed opravy\/modernizace v\u00fdtah\u016f do konce roku 2014 a to: z fondu oprav v\u00fdtah\u016f a\u00a0t\u0159emi\u00a0mimo\u0159\u00e1dn\u00fdmi spl\u00e1tkami v\u017edy ke konci kalend\u00e1\u0159n\u00edho roku. P\u0159ipravili jsme pro V\u00e1s slo\u017eenky na 3. &#8211; posledn\u00ed mimo\u0159\u00e1dnou spl\u00e1tku, kter\u00e9\u00a0jsou k &hellip; <a href=\"http:\/\/www.podperova6.cz\/?p=176\">Cel\u00fd p\u0159\u00edsp\u011bvek <span class=\"meta-nav\">&rarr;<\/span><\/a><\/p>\n","protected":false},"author":4,"featured_media":0,"comment_status":"open","ping_status":"open","sticky":false,"template":"","format":"standard","meta":{"ngg_post_thumbnail":0,"footnotes":""},"categories":[3],"tags":[],"class_list":["post-176","post","type-post","status-publish","format-standard","hentry","category-spravce"],"_links":{"self":[{"href":"http:\/\/www.podperova6.cz\/index.php?rest_route=\/wp\/v2\/posts\/176","targetHints":{"allow":["GET"]}}],"collection":[{"href":"http:\/\/www.podperova6.cz\/index.php?rest_route=\/wp\/v2\/posts"}],"about":[{"href":"http:\/\/www.podperova6.cz\/index.php?rest_route=\/wp\/v2\/types\/post"}],"author":[{"embeddable":true,"href":"http:\/\/www.podperova6.cz\/index.php?rest_route=\/wp\/v2\/users\/4"}],"replies":[{"embeddable":true,"href":"http:\/\/www.podperova6.cz\/index.php?rest_route=%2Fwp%2Fv2%2Fcomments&post=176"}],"version-history":[{"count":0,"href":"http:\/\/www.podperova6.cz\/index.php?rest_route=\/wp\/v2\/posts\/176\/revisions"}],"wp:attachment":[{"href":"http:\/\/www.podperova6.cz\/index.php?rest_route=%2Fwp%2Fv2%2Fmedia&parent=176"}],"wp:term":[{"taxonomy":"category","embeddable":true,"href":"http:\/\/www.podperova6.cz\/index.php?rest_route=%2Fwp%2Fv2%2Fcategories&post=176"},{"taxonomy":"post_tag","embeddable":true,"href":"http:\/\/www.podperova6.cz\/index.php?rest_route=%2Fwp%2Fv2%2Ftags&post=176"}],"curies":[{"name":"wp","href":"https:\/\/api.w.org\/{rel}","templated":true}]}}