{"id":1407,"date":"2021-05-04T10:48:11","date_gmt":"2021-05-04T10:48:11","guid":{"rendered":"http:\/\/www.podperova6.cz\/?p=1407"},"modified":"2021-05-06T09:05:18","modified_gmt":"2021-05-06T09:05:18","slug":"reakce-na-dopis-p-jelinka-ohledne-standardu-oprav-balkonu","status":"publish","type":"post","link":"https:\/\/www.podperova6.cz\/?p=1407","title":{"rendered":"Reakce na dopis p. Jel\u00ednka ohledn\u011b &#8222;standardu&#8220; oprav balkon\u016f"},"content":{"rendered":"\n<p>Bohu\u017eel nezn\u00e1m p\u0159esnou definici standardu Mercedes, nicm\u00e9n\u011b skladba balkonu je nav\u017eena jako syst\u00e9mov\u00e1.<\/p>\n\n\n\n<p>Vynech\u00e1n\u00ed syst\u00e9mov\u00fdch prvk\u016f a ukon\u010duj\u00edc\u00ed li\u0161t z titulu sn\u00ed\u017een\u00e9 \u017eivotnosti a z\u00e1ruk za nesyst\u00e9mov\u00e9 \u0159e\u0161en\u00ed nedoporu\u010dujeme.<\/p>\n\n\n\n<!--more-->\n\n\n\n<p>P\u0159ipojuji v\u00fd\u010det funkc\u00ed Polyetylenov\u00e9 roho\u017ee, kter\u00e1 byla v dotazech rovn\u011b\u017e zmi\u0148ov\u00e1na:<\/p>\n\n\n\n<p>Separace<br>odd\u011bluje krytinu od podkladu a neutralizuje tak nap\u011bt\u00ed mezi podkladem a nap\u0159. dla\u017ebou, kter\u00e9 vznik\u00e1 z jejich rozd\u00edln\u00fdch d\u00e9lkov\u00fdch zm\u011bn. Z\u00e1rove\u0148 jsou p\u0159emos\u0165ov\u00e1ny trhliny v podkladu a nep\u0159en\u00e1\u0161\u00ed se do dla\u017eby nebo obkladu.<br>Izolace<br>je vodot\u011bsn\u00fd polyetyl\u00e9nov\u00fd p\u00e1s s relativn\u011b vysok\u00fdm difuzn\u00edm odporem proti vodn\u00ed p\u00e1\u0159e. T\u0159\u00eddy nam\u00e1h\u00e1n\u00ed \u00fa\u010dinky vodou: W0-I a\u017e W3-I.T\u0159\u00edda vlhkostn\u00edho nam\u00e1h\u00e1n\u00ed dle ZDB: 0 a\u017e B0, A a C.<br>Vyrovn\u00e1v\u00e1n\u00ed tlaku p\u00e1ry<br>P\u0159i p\u016fsoben\u00ed vlhkosti z podkladu umo\u017e\u0148uje pomoc\u00ed otev\u0159en\u00fdch vzduchov\u00fdch kan\u00e1lk\u016f na rubov\u00e9 stran\u011b vyrovn\u00e1n\u00ed tlaku p\u00e1ry.<br>Rozlo\u017een\u00ed zat\u00ed\u017een\u00ed (P\u0159enesen\u00ed zat\u00ed\u017een\u00ed)<br>p\u0159en\u00e1\u0161\u00ed zat\u00ed\u017een\u00ed p\u016fsob\u00edc\u00ed na dla\u017ebu p\u0159es v\u00fdlisky vypln\u011bn\u00e9 lepidlem pro tenkovrstv\u00e9 lepen\u00ed p\u0159\u00edmo do podkladu. Dla\u017ebu je tedy mo\u017eno odpov\u00eddaj\u00edc\u00edm zp\u016fsobem zat\u011b\u017eovat. V p\u0159\u00edpad\u011b v\u011bt\u0161\u00edho zat\u00ed\u017een\u00ed a v p\u0159\u00edpad\u011b o\u010dek\u00e1van\u00e9ho vysok\u00e9ho bodov\u00e9ho zat\u00ed\u017een\u00ed mus\u00ed dla\u017eba vykazovat dostate\u010dnou tlou\u0161\u0165ku a odolnost v\u016f\u010di tlaku pro p\u0159\u00edslu\u0161nou oblast pou\u017eit\u00ed.<br>P\u0159ilnavost<br>vznik\u00e1 pomoc\u00ed rubov\u00e9 tkaniny a zakotven\u00ed lepidla v rybinovit\u011b tvarovan\u00fdch v\u00fdlisc\u00edch spolehliv\u00e9 spojen\u00ed mezi podkladem a dla\u017ebou nebo obkladem<br>V r\u00e1mci tlou\u0161\u0165ky dla\u017eby byla zvolen\u00e1 tl. 15 mm z kvalitativn\u00edho hlediska. V p\u0159\u00edpad\u011b uva\u017eovn\u00fdch zm\u011bn doporu\u010dujeme zachovat zaji\u0161t\u011bn\u00ed stejn\u00fdch technick\u00fdch parametr\u016f.<br>S pozdravem<\/p>\n\n\n\n<p>&#8212;<br>Ing. Martin Srba, Ph.D.<br>autorizovan\u00fd in\u017een\u00fdr \u010cKAIT 1005864<br>projektov\u00e1 a in\u017een\u00fdrsk\u00e1 \u010dinnost ve v\u00fdstavb\u011b<\/p>\n\n\n\n<hr class=\"wp-block-separator\"\/>\n\n\n\n<p>P\u016fvodn\u00ed dotaz :<\/p>\n\n\n\n<p><strong>From:<\/strong> mar_jelinek@volny.cz [mailto:mar_jelinek@volny.cz]<br><strong>Sent:<\/strong> Tuesday, April 27, 2021 8:34 AM<br><strong>To:<\/strong> V\u00fdbor Podp\u011brova 6; Byt Brno; Byt Brno<br><strong>Subject:<\/strong> Dotaz k PD_opravy balk\u00f3n\u016f<br><strong>Importance:<\/strong> High<\/p>\n\n\n\n<p>V\u00e1\u017een\u00ed \u010dlenov\u00e9 v\u00fdboru,<\/p>\n\n\n\n<p>Na z\u00e1klad\u011b prostudov\u00e1n\u00ed a konzultac\u00ed vzn\u00e1\u0161\u00edm dotaz k projektov\u00e9 dokumentaci, kter\u00e1 je p\u0159edm\u011btem v\u00fdb\u011bru zhotovitele na opravy balk\u00f3n\u016f.<\/p>\n\n\n\n<p>Nechci zab\u00edhat do podrobnost\u00ed, ale vzn\u00e1\u0161\u00edm dotaz, zda m\u00e1 technologick\u00e1 oprava navr\u017een\u00e1 projektantem n\u011bjak\u00e9 z\u00e1va\u017en\u00e9 opodstatn\u011bn\u00ed v\u016f\u010di stavu n\u011bkter\u00fdch konstru\u010dn\u00edch prvk\u016f objektu, jeliko\u017e tato technologie opravy je realiza\u010dn\u011b finan\u010dn\u00ed \u201cmercedes\u201c oproti standardn\u00edmu \u0159e\u0161en\u00ed p\u0159i oprav\u00e1ch balk\u00f3n\u016f obdobn\u00fdch typ\u016f dom\u016f? Jde zejm\u00e9na o nastaven\u00ed izolac\u00ed, profilov\u00fdch prvk\u016f-dilata\u010dn\u00edch-ukon\u010duj\u00edc\u00edch, dla\u017eba mrazuvzdorn\u00e1_pro\u010d s tl. 15 mm_20x20cm. Nap\u0159. standardem na balkony je mrazuvzdorn\u00e1 dla\u017eba 10mm v cen\u011b max. do 250-300,-K\u010d\/m2 bez DPH.<\/p>\n\n\n\n<p>U\u017eitn\u00e1 hodnota obou variant proveden\u00ed opravy balk\u00f3n\u016f, kter\u00e9 jsem si investorsky nechal zpracovat (technologick\u00fd mercedes a standardu) je stejn\u00e1, ale rozd\u00edl v cen\u011b t\u011bchto variant v \u0159\u00e1dech statis\u00edc\u016f (min. 500tis.) se d\u00e1 vhodn\u011b pou\u017e\u00edt jako investice do modernizace opravy p\u0159i zateplen\u00ed domu, kde to m\u00e1 sv\u00e9 opodstatn\u011bn\u00ed v podob\u011b \u00faspor na energi\u00edch. Ve standardu se cena pohybuje pod cenou RTS (bez DPH) p\u0159edlo\u017eenou projektantem, v navr\u017een\u00e9 technologii dif\u016fzn\u011b otev\u0159en\u00e9ho syst\u00e9mu pro opravy balk\u00f3n\u016f je cena oproti projek\u010dn\u00ed z RTS (bez DPH) v \u0159\u00e1dech statis\u00edc\u016f vy\u0161\u0161\u00ed.<\/p>\n\n\n\n<p>V\u00edm, \u017ee se pt\u00e1m s p\u0159edstihem a nev\u00edm, jak cenov\u011b zaj\u00edmav\u00e9 budou nab\u00eddky v r\u00e1mci prob\u00edhaj\u00edc\u00ed sout\u011b\u017ee pro v\u00fdb\u011br zhotovitele, ale i p\u0159esto d\u011bkuji p\u0159edem za odpov\u011b\u010f na m\u016fj dotaz, zda se po\u010d\u00edt\u00e1 a bude p\u0159edlo\u017eena \u010dlen\u016fm spole\u010denstv\u00ed k posouzen\u00ed pro v\u00fdb\u011br opravy balk\u00f3n\u016f i varianta standardn\u00ed opravy balk\u00f3n\u016f, nebo z n\u011bjak\u00fdch z\u00e1va\u017en\u00fdch d\u016fvod\u016f s ohledem na stav n\u011bkter\u00fdch konstrukc\u00ed objektu posouzen\u00fd nap\u0159. projektantem ve standardu opravit balk\u00f3ny nelze, kdy\u017e u\u017eitn\u00e1 hodnota obou variant opravy je stejn\u00e1.<\/p>\n\n\n\n<p>S pozdravem,<\/p>\n\n\n\n<p>V zastoupen\u00ed-zmocn\u011bnec, (byt Jel\u00ednkovi, \u010dlen SVJ Podp\u011brova 6)<br>Martin Jel\u00ednek<br>Podp\u011brova 6, Brno<\/p>\n","protected":false},"excerpt":{"rendered":"<p>Bohu\u017eel nezn\u00e1m p\u0159esnou definici standardu Mercedes, nicm\u00e9n\u011b skladba balkonu je nav\u017eena jako syst\u00e9mov\u00e1. Vynech\u00e1n\u00ed syst\u00e9mov\u00fdch prvk\u016f a ukon\u010duj\u00edc\u00ed li\u0161t z titulu sn\u00ed\u017een\u00e9 \u017eivotnosti a z\u00e1ruk za nesyst\u00e9mov\u00e9 \u0159e\u0161en\u00ed nedoporu\u010dujeme.<\/p>\n","protected":false},"author":1,"featured_media":0,"comment_status":"closed","ping_status":"open","sticky":false,"template":"","format":"standard","meta":{"ngg_post_thumbnail":0,"footnotes":""},"categories":[1],"tags":[],"class_list":["post-1407","post","type-post","status-publish","format-standard","hentry","category-nezarazene"],"_links":{"self":[{"href":"https:\/\/www.podperova6.cz\/index.php?rest_route=\/wp\/v2\/posts\/1407","targetHints":{"allow":["GET"]}}],"collection":[{"href":"https:\/\/www.podperova6.cz\/index.php?rest_route=\/wp\/v2\/posts"}],"about":[{"href":"https:\/\/www.podperova6.cz\/index.php?rest_route=\/wp\/v2\/types\/post"}],"author":[{"embeddable":true,"href":"https:\/\/www.podperova6.cz\/index.php?rest_route=\/wp\/v2\/users\/1"}],"replies":[{"embeddable":true,"href":"https:\/\/www.podperova6.cz\/index.php?rest_route=%2Fwp%2Fv2%2Fcomments&post=1407"}],"version-history":[{"count":4,"href":"https:\/\/www.podperova6.cz\/index.php?rest_route=\/wp\/v2\/posts\/1407\/revisions"}],"predecessor-version":[{"id":1411,"href":"https:\/\/www.podperova6.cz\/index.php?rest_route=\/wp\/v2\/posts\/1407\/revisions\/1411"}],"wp:attachment":[{"href":"https:\/\/www.podperova6.cz\/index.php?rest_route=%2Fwp%2Fv2%2Fmedia&parent=1407"}],"wp:term":[{"taxonomy":"category","embeddable":true,"href":"https:\/\/www.podperova6.cz\/index.php?rest_route=%2Fwp%2Fv2%2Fcategories&post=1407"},{"taxonomy":"post_tag","embeddable":true,"href":"https:\/\/www.podperova6.cz\/index.php?rest_route=%2Fwp%2Fv2%2Ftags&post=1407"}],"curies":[{"name":"wp","href":"https:\/\/api.w.org\/{rel}","templated":true}]}}